{"id":878,"date":"2025-07-11T07:19:46","date_gmt":"2025-07-11T07:19:46","guid":{"rendered":"https:\/\/cakirlar.com\/?p=878"},"modified":"2025-07-11T08:27:12","modified_gmt":"2025-07-11T08:27:12","slug":"ecovadis-gumus-madalya-surdurulebilirlige-kuresel-bir-onay","status":"publish","type":"post","link":"https:\/\/cakirlar.com\/tr\/ecovadis-gumus-madalya-surdurulebilirlige-kuresel-bir-onay\/","title":{"rendered":"EcoVadis G\u00fcm\u00fc\u015f Madalya: S\u00fcrd\u00fcr\u00fclebilirli\u011fe K\u00fcresel Bir Onay"},"content":{"rendered":"<p>\u00c7ak\u0131rlar Matbaac\u0131l\u0131k olarak, \u015firketlerin \u00e7evre, insan haklar\u0131, etik ve s\u00fcrd\u00fcr\u00fclebilir tedarik zinciri alanlar\u0131ndaki performanslar\u0131n\u0131 de\u011ferlendiren d\u00fcnyan\u0131n en sayg\u0131n s\u00fcrd\u00fcr\u00fclebilirlik platformlar\u0131ndan biri olan EcoVadis taraf\u0131ndan G\u00fcm\u00fc\u015f Madalya ile \u00f6d\u00fcllendirilmenin gururunu ya\u015f\u0131yoruz. Bu \u00f6d\u00fcl, \u00c7evre, \u00c7al\u0131\u015fma ve \u0130nsan Haklar\u0131, Etik ve S\u00fcrd\u00fcr\u00fclebilir Tedarik olmak \u00fczere d\u00f6rt temel alanda sorumlu bir \u015fekilde faaliyet g\u00f6sterme y\u00f6n\u00fcndeki devam eden \u00e7abalar\u0131m\u0131z\u0131 vurgulamaktad\u0131r.<\/p>\n<h2>EcoVadis Silver Madalya: S\u00fcrd\u00fcr\u00fclebilirlikte K\u00fcresel Ba\u015far\u0131<\/h2>\n<p>EcoVadis, \u00e7evre, i\u015f eti\u011fi, insan haklar\u0131 ve s\u00fcrd\u00fcr\u00fclebilir tedarik zinciri alanlar\u0131nda \u015firketlerin s\u00fcrd\u00fcr\u00fclebilirlik performans\u0131n\u0131 de\u011ferlendiren, d\u00fcnya \u00e7ap\u0131nda sayg\u0131n bir derecelendirme platformudur.<br \/>\n\u00c7ak\u0131rlar Matbaac\u0131l\u0131k olarak 2025 y\u0131l\u0131 de\u011ferlendirmesinde Silver (G\u00fcm\u00fc\u015f) Madalya almaya hak kazand\u0131k. Bu ba\u015far\u0131, s\u00fcrd\u00fcr\u00fclebilirlik alan\u0131ndaki kararl\u0131l\u0131\u011f\u0131m\u0131z\u0131n uluslararas\u0131 d\u00fczeyde kabul g\u00f6rd\u00fc\u011f\u00fcn\u00fc g\u00f6steriyor.<\/p>\n<h3>Ald\u0131\u011f\u0131m\u0131z Puanlar:<\/h3>\n<ul>\n<li><strong>\u00c7evre:<\/strong> 70 \/ 100<\/li>\n<li><strong>\u0130nsan Haklar\u0131 &amp; \u00c7al\u0131\u015fan Haklar\u0131:<\/strong> 74 \/ 100<\/li>\n<li><strong>Etik:<\/strong> 65 \/ 100<\/li>\n<li><strong>S\u00fcrd\u00fcr\u00fclebilir Sat\u0131n Alma:<\/strong> 64 \/ 100<\/li>\n<\/ul>\n<h3>\u00d6ne \u00c7\u0131kan G\u00fc\u00e7l\u00fc Y\u00f6nlerimiz<\/h3>\n<ul>\n<li>ISO 14001 \u00c7evre Y\u00f6netim Sistemi sertifikam\u0131z<\/li>\n<li>Enerji t\u00fcketimi ve sera gaz\u0131 emisyonlar\u0131nda \u00f6l\u00e7\u00fclebilir hedefler<\/li>\n<li>Geri d\u00f6n\u00fc\u015f\u00fcm, at\u0131k azalt\u0131m\u0131 ve tehlikeli madde y\u00f6netimi konusunda aktif uygulamalar<\/li>\n<li>\u00c7al\u0131\u015fan sa\u011fl\u0131\u011f\u0131, i\u015f g\u00fcvenli\u011fi ve kapsay\u0131c\u0131l\u0131k konusunda etkin politikalar ve e\u011fitimler<\/li>\n<li>FSC\u00ae Zincir Sertifikas\u0131 ile sorumlu tedarik zinciri y\u00f6netimi<\/li>\n<\/ul>\n<h3>Bu Ba\u015far\u0131 Ne Anlama Geliyor?<\/h3>\n<p>Bu ba\u015far\u0131; \u00e7evresel etkilerimizi azaltmak, sosyal sorumlulu\u011fumuzu art\u0131rmak ve etik i\u015f yap\u0131\u015f bi\u00e7imlerini kurumsal k\u00fclt\u00fcr\u00fcm\u00fcz\u00fcn temel ta\u015f\u0131 haline getirmek y\u00f6n\u00fcndeki uzun vadeli taahh\u00fcd\u00fcm\u00fcz\u00fcn somut bir g\u00f6stergesidir.<br \/>\nS\u00fcrd\u00fcr\u00fclebilirli\u011fi sadece bir hedef de\u011fil, bir sorumluluk olarak g\u00f6r\u00fcyoruz.<\/p>\n<p>Gelecek nesillere ya\u015fanabilir bir d\u00fcnya b\u0131rakma vizyonuyla \u00fcretim ve hizmet s\u00fcre\u00e7lerimizi s\u00fcrekli iyile\u015ftiriyoruz.<\/p>\n","protected":false},"excerpt":{"rendered":"<p>\u00c7ak\u0131rlar Matbaac\u0131l\u0131k olarak, \u015firketlerin \u00e7evre, insan haklar\u0131, etik ve s\u00fcrd\u00fcr\u00fclebilir tedarik zinciri alanlar\u0131ndaki performanslar\u0131n\u0131 de\u011ferlendiren d\u00fcnyan\u0131n en sayg\u0131n s\u00fcrd\u00fcr\u00fclebilirlik platformlar\u0131ndan biri olan EcoVadis taraf\u0131ndan G\u00fcm\u00fc\u015f Madalya<span class=\"excerpt-hellip\"> [\u2026]<\/span><\/p>\n","protected":false},"author":5,"featured_media":886,"comment_status":"open","ping_status":"open","sticky":false,"template":"","format":"standard","meta":{"inline_featured_image":false,"footnotes":""},"categories":[18],"tags":[],"class_list":["post-878","post","type-post","status-publish","format-standard","has-post-thumbnail","hentry","category-blog-2"],"_links":{"self":[{"href":"https:\/\/cakirlar.com\/tr\/wp-json\/wp\/v2\/posts\/878","targetHints":{"allow":["GET"]}}],"collection":[{"href":"https:\/\/cakirlar.com\/tr\/wp-json\/wp\/v2\/posts"}],"about":[{"href":"https:\/\/cakirlar.com\/tr\/wp-json\/wp\/v2\/types\/post"}],"author":[{"embeddable":true,"href":"https:\/\/cakirlar.com\/tr\/wp-json\/wp\/v2\/users\/5"}],"replies":[{"embeddable":true,"href":"https:\/\/cakirlar.com\/tr\/wp-json\/wp\/v2\/comments?post=878"}],"version-history":[{"count":1,"href":"https:\/\/cakirlar.com\/tr\/wp-json\/wp\/v2\/posts\/878\/revisions"}],"predecessor-version":[{"id":881,"href":"https:\/\/cakirlar.com\/tr\/wp-json\/wp\/v2\/posts\/878\/revisions\/881"}],"wp:featuredmedia":[{"embeddable":true,"href":"https:\/\/cakirlar.com\/tr\/wp-json\/wp\/v2\/media\/886"}],"wp:attachment":[{"href":"https:\/\/cakirlar.com\/tr\/wp-json\/wp\/v2\/media?parent=878"}],"wp:term":[{"taxonomy":"category","embeddable":true,"href":"https:\/\/cakirlar.com\/tr\/wp-json\/wp\/v2\/categories?post=878"},{"taxonomy":"post_tag","embeddable":true,"href":"https:\/\/cakirlar.com\/tr\/wp-json\/wp\/v2\/tags?post=878"}],"curies":[{"name":"wp","href":"https:\/\/api.w.org\/{rel}","templated":true}]}}